{"id":12828,"date":"2026-08-31T09:02:50","date_gmt":"2026-08-31T07:02:50","guid":{"rendered":"https:\/\/consultoriaehero.com\/?p=12828"},"modified":"2026-08-31T09:02:50","modified_gmt":"2026-08-31T07:02:50","slug":"recarrec-dequivalencia-a-woocommerce-com-configurar-lo-be","status":"publish","type":"post","link":"https:\/\/consultoriaehero.com\/ca\/recarrec-dequivalencia-a-woocommerce-com-configurar-lo-be\/","title":{"rendered":"Rec\u00e0rrec d\u2019equival\u00e8ncia a WooCommerce: com configurar-lo b\u00e9"},"content":{"rendered":"<p>El <strong>rec\u00e0rrec d\u2019equival\u00e8ncia a WooCommerce<\/strong> \u00e9s un d\u2019aquells requisits que no apareixen en cap plugin internacional i que, si vens a minoristes a Espanya, no pots ignorar. \u00c9s un r\u00e8gim obligatori per a determinats comerciants: quan els vens, els has de repercutir l\u2019IVA <em>i a m\u00e9s<\/em> un percentatge extra. Aix\u00ed \u00e9s com funciona i com configurar-lo sense trencar els preus de la resta del cat\u00e0leg.<\/p>\n<nav class=\"w2g-toc\"><strong>En aquesta p\u00e0gina<\/strong><\/p>\n<ol>\n<li><a href=\"#que-es\">Qu\u00e8 \u00e9s i a qui s\u2019aplica<\/a><\/li>\n<li><a href=\"#tipos\">Els percentatges del rec\u00e0rrec<\/a><\/li>\n<li><a href=\"#configurar\">Com configurar-lo a WooCommerce<\/a><\/li>\n<li><a href=\"#precios\">El problema dels preus amb IVA incl\u00f2s<\/a><\/li>\n<li><a href=\"#factura\">Com ha de sortir a la factura<\/a><\/li>\n<li><a href=\"#detectar\">Com saber si el teu client est\u00e0 en rec\u00e0rrec<\/a><\/li>\n<li><a href=\"#errores\">Els tres errors m\u00e9s cars<\/a><\/li>\n<li><a href=\"#mixtas\">Botigues mixtes<\/a><\/li>\n<\/ol>\n<\/nav>\n<h2 id=\"que-es\">Qu\u00e8 \u00e9s i a qui s\u2019aplica<\/h2>\n<p>El rec\u00e0rrec d\u2019equival\u00e8ncia \u00e9s un r\u00e8gim especial d\u2019IVA per a <strong>comerciants minoristes persones f\u00edsiques<\/strong> que venen sense transformar. El minorista no presenta declaracions d\u2019IVA: a canvi, el seu prove\u00efdor li repercuteix l\u2019IVA normal m\u00e9s un rec\u00e0rrec, i amb aix\u00f2 queda liquidat.<\/p>\n<p>La conseq\u00fc\u00e8ncia per a tu com a prove\u00efdor \u00e9s directa: si el teu client est\u00e0 en rec\u00e0rrec d\u2019equival\u00e8ncia, l\u2019hi has d\u2019aplicar. No \u00e9s opcional ni dep\u00e8n que ell ho demani. I si no l\u2019apliques, la difer\u00e8ncia te la reclamaran a tu.<\/p>\n<p>Aix\u00f2 afecta sobretot botigues <strong>B2B o mixtes<\/strong>: majoristes, distribu\u00efdors, i qualsevol botiga que vengui tant a particulars com a petits comer\u00e7os.<\/p>\n<h2 id=\"tipos\">Els percentatges del rec\u00e0rrec<\/h2>\n<p>El rec\u00e0rrec va lligat al tipus d\u2019IVA de cada producte:<\/p>\n<figure class=\"wp-block-table\">\n<table>\n<thead>\n<tr>\n<th>Tipus d\u2019IVA<\/th>\n<th>Rec\u00e0rrec d\u2019equival\u00e8ncia<\/th>\n<th>Total repercutit<\/th>\n<\/tr>\n<\/thead>\n<tbody>\n<tr>\n<td>21 % (general)<\/td>\n<td>5,2 %<\/td>\n<td>26,2 %<\/td>\n<\/tr>\n<tr>\n<td>10 % (redu\u00eft)<\/td>\n<td>1,4 %<\/td>\n<td>11,4 %<\/td>\n<\/tr>\n<tr>\n<td>4 % (superredu\u00eft)<\/td>\n<td>0,5 %<\/td>\n<td>4,5 %<\/td>\n<\/tr>\n<\/tbody>\n<\/table>\n<\/figure>\n<p>Hi ha, a m\u00e9s, un rec\u00e0rrec espec\u00edfic per al tabac. Els percentatges els fixa la normativa espanyola i conv\u00e9 confirmar-los amb la teva assessoria cada exercici.<\/p>\n<h2 id=\"configurar\">Com configurar-lo a WooCommerce<\/h2>\n<p>WooCommerce no t\u00e9 el concepte de \u00abclient en rec\u00e0rrec d\u2019equival\u00e8ncia\u00bb. T\u00e9 classes d\u2019impost i tipus per pa\u00eds, i aqu\u00ed \u00e9s on encaixa la soluci\u00f3.<\/p>\n<h3>L\u2019enfocament manual<\/h3>\n<p>Crear tipus d\u2019impost addicionals del 26,2 %, 11,4 % i 4,5 % i assignar-los manualment als clients que estiguin en el r\u00e8gim. Funciona, per\u00f2 es trenca tan bon punt tens m\u00e9s de pocs clients: cal recordar-se de cadascun i actualitzar-ho quan canvi\u00efn de r\u00e8gim.<\/p>\n<h3>L\u2019enfocament per perfil de client<\/h3>\n<p>Marcar el client com a subjecte a rec\u00e0rrec al seu perfil i que la botiga apliqui el tipus corresponent sola a cada comanda, incloses les renovacions si vens <a href=\"https:\/\/consultoriaehero.com\/ca\/producte\/ehero-woocommerce-subscriptions-subscripcions-woocommerce-redsys\/\">subscripcions<\/a>. \u00c9s el que fa <a href=\"https:\/\/consultoriaehero.com\/ca\/producte\/ehero-woo-vat-control-diva-ue-vies-i-exempcio-intracomunitaria-per-a-woocommerce\/\">EHERO Woo VAT<\/a>: el r\u00e8gim viatja amb el client, no amb la comanda.<\/p>\n<h2 id=\"precios\">El problema dels preus amb IVA incl\u00f2s<\/h2>\n<p>Aqu\u00ed \u00e9s on la majoria de configuracions es trenquen. Si la teva botiga mostra <strong>preus amb IVA incl\u00f2s<\/strong>, el mateix producte ha de costar una cosa al particular i una altra al minorista en rec\u00e0rrec. Si deixes que WooCommerce recalculi sobre el preu mostrat, els imports ballen i el cat\u00e0leg ensenya preus diferents segons qui ho miri.<\/p>\n<p>La manera neta \u00e9s treballar amb preu base sense impostos i deixar que l\u2019impost es calculi al final, al carret, segons el perfil del client. Si la teva botiga \u00e9s mixta, planteja\u2019t mostrar preus sense IVA als clients B2B identificats i amb IVA a la resta.<\/p>\n<h2 id=\"factura\">Com ha de sortir a la factura<\/h2>\n<p>El rec\u00e0rrec ha d\u2019apar\u00e8ixer <strong>desglossat i separat de l\u2019IVA<\/strong>: base imposable, quota d\u2019IVA, quota de rec\u00e0rrec i total. No val posar-lo dins de l\u2019IVA ni presentar-lo com un c\u00e0rrec gen\u00e8ric.<\/p>\n<p>Si emets les factures des d\u2019un ERP, aquest desglossament ha d\u2019arribar correctament des de la botiga. Amb un connector com <a href=\"https:\/\/consultoriaehero.com\/ca\/producte\/ehero-woo-holded-integracio-completa-holded-woocommerce\/\">EHERO Woo Holded<\/a> o qualsevol dels <a href=\"https:\/\/consultoriaehero.com\/ca\/categoria-de-producte\/integracions-i-sync\/erp-i-facturacio\/\">connectors d\u2019ERP<\/a>, la dada viatja amb la comanda en lloc de reconstruir-se.<\/p>\n<p>Els requisits formals de la factura s\u00f3n al reglament de facturaci\u00f3; la teva assessoria et dir\u00e0 quins camps exigeix el teu cas concret.<\/p>\n<h2 id=\"detectar\">Com saber si el teu client est\u00e0 en rec\u00e0rrec<\/h2>\n<p>No hi ha manera autom\u00e0tica de saber-ho des del NIF: el r\u00e8gim no viatja en el n\u00famero. L\u2019habitual \u00e9s que el mateix client t\u2019ho comuniqui quan obre compte, i el prudent \u00e9s demanar-li-ho per escrit en l\u2019alta.<\/p>\n<p>Conv\u00e9 guardar-ho al perfil del client, no a la comanda, perqu\u00e8 \u00e9s una condici\u00f3 del comerciant i es mant\u00e9 mentre continu\u00ef en el r\u00e8gim. Si ho apuntes comanda a comanda, tard o d\u2019hora un se t\u2019escapa.<\/p>\n<p>El detall de qui est\u00e0 obligat \u2014comerciants minoristes persones f\u00edsiques o entitats en atribuci\u00f3 de rendes que venguin sense transformar\u2014 \u00e9s a la <a href=\"https:\/\/sede.agenciatributaria.gob.es\/Sede\/iva\/regimenes-tributacion-iva\/regimen-especial-recargo-equivalencia.html\" target=\"_blank\" rel=\"noopener\">fitxa del r\u00e8gim especial del rec\u00e0rrec d\u2019equival\u00e8ncia de l\u2019Ag\u00e8ncia Tribut\u00e0ria<\/a>.<\/p>\n<h2 id=\"errores\">Els tres errors m\u00e9s cars<\/h2>\n<p><strong>No aplicar-lo.<\/strong> Si el teu client estava en rec\u00e0rrec i no l\u2019hi vas repercutir, la quota no repercutida te la poden reclamar a tu. \u00c9s el m\u00e9s car i el m\u00e9s freq\u00fcent en botigues que comencen a vendre a comer\u00e7os sense canviar res de la seva configuraci\u00f3.<\/p>\n<p><strong>Aplicar-lo a qui no toca.<\/strong> A una societat limitada no se li aplica rec\u00e0rrec. Si l\u2019hi carregues, li est\u00e0s cobrant de m\u00e9s i haur\u00e0s d\u2019emetre una rectificativa.<\/p>\n<p><strong>Posar-lo dins de l\u2019IVA.<\/strong> Sumar el 21 % i el 5,2 % en una sola l\u00ednia del 26,2 % dona el mateix total per\u00f2 incompleix el desglossament que exigeix la factura, i complica la comptabilitat del teu client.<\/p>\n<h2 id=\"mixtas\">Botigues mixtes: l\u2019escenari m\u00e9s com\u00fa<\/h2>\n<p>La majoria de botigues que venen a comer\u00e7os tamb\u00e9 venen a particulars. Aix\u00f2 vol dir tres perfils convivint en el mateix cat\u00e0leg: el particular amb IVA normal, l\u2019empresa sense rec\u00e0rrec, i el minorista amb rec\u00e0rrec.<\/p>\n<p>Amb preus amb IVA incl\u00f2s, aquests tres perfils veuen preus diferents per al mateix producte. La configuraci\u00f3 que menys problemes dona \u00e9s fixar el preu sense impostos i calcular al final segons el perfil, mostrant el desglossament complet al carret perqu\u00e8 el client entengui qu\u00e8 est\u00e0 pagant.<\/p>\n<div class=\"wp-block-group has-background\" style=\"background-color:#f0f7ff;padding:22px 26px;border-radius:12px;border-left:4px solid #017cba\">\n<p><strong>El rec\u00e0rrec, aplicat nom\u00e9s i desglossat<\/strong><\/p>\n<p>EHERO Woo VAT marca el r\u00e8gim al perfil del client i aplica el rec\u00e0rrec corresponent a cada comanda, amb el desglossament separat que exigeix la factura.<\/p>\n<p><a href=\"https:\/\/consultoriaehero.com\/ca\/producte\/ehero-woo-vat-control-diva-ue-vies-i-exempcio-intracomunitaria-per-a-woocommerce\/\">Veure EHERO Woo VAT<\/a> \u00b7 <a href=\"https:\/\/consultoriaehero.com\/ca\/iva-intracomunitari-a-woocommerce\/\">Guia completa de l\u2019IVA intracomunitari<\/a><\/p>\n<\/div>\n","protected":false},"excerpt":{"rendered":"<p>El rec\u00e0rrec d\u2019equival\u00e8ncia a WooCommerce \u00e9s un d\u2019aquells requisits que no apareixen en cap plugin internacional i que, si vens a minoristes a Espanya, no pots ignorar. \u00c9s un r\u00e8gim obligatori per a determinats comerciants: quan els vens, els has de repercutir l\u2019IVA i a m\u00e9s un percentatge extra. Aix\u00ed \u00e9s com funciona i com [&hellip;]<\/p>\n","protected":false},"author":4,"featured_media":11488,"comment_status":"closed","ping_status":"closed","sticky":false,"template":"","format":"standard","meta":{"_acf_changed":false,"_jf_save_progress":"","rank_math_focus_keyword":"recargo de equivalencia WooCommerce,recargo de equivalencia,IVA recargo equivalencia tienda online,configurar recargo equivalencia","rank_math_title":"Rec\u00e0rrec d'equival\u00e8ncia a WooCommerce | EHERO","rank_math_description":"Qu\u00e8 \u00e9s el rec\u00e0rrec d'equival\u00e8ncia, a quins clients s'aplica, els percentatges vigents i com configurar-lo a WooCommerce sense trencar els preus del cat\u00e0leg.","rank_math_robots":[],"rank_math_canonical_url":"","rank_math_seo_score":48,"footnotes":""},"categories":[5083,34],"tags":[],"class_list":["post-12828","post","type-post","status-publish","format-standard","has-post-thumbnail","hentry","category-comerc-electronic","category-marketing-digital"],"acf":[],"_links":{"self":[{"href":"https:\/\/consultoriaehero.com\/wp-json\/wp\/v2\/posts\/12828","targetHints":{"allow":["GET"]}}],"collection":[{"href":"https:\/\/consultoriaehero.com\/wp-json\/wp\/v2\/posts"}],"about":[{"href":"https:\/\/consultoriaehero.com\/wp-json\/wp\/v2\/types\/post"}],"author":[{"embeddable":true,"href":"https:\/\/consultoriaehero.com\/wp-json\/wp\/v2\/users\/4"}],"replies":[{"embeddable":true,"href":"https:\/\/consultoriaehero.com\/wp-json\/wp\/v2\/comments?post=12828"}],"version-history":[{"count":1,"href":"https:\/\/consultoriaehero.com\/wp-json\/wp\/v2\/posts\/12828\/revisions"}],"predecessor-version":[{"id":12829,"href":"https:\/\/consultoriaehero.com\/wp-json\/wp\/v2\/posts\/12828\/revisions\/12829"}],"wp:featuredmedia":[{"embeddable":true,"href":"https:\/\/consultoriaehero.com\/wp-json\/wp\/v2\/media\/11488"}],"wp:attachment":[{"href":"https:\/\/consultoriaehero.com\/wp-json\/wp\/v2\/media?parent=12828"}],"wp:term":[{"taxonomy":"category","embeddable":true,"href":"https:\/\/consultoriaehero.com\/wp-json\/wp\/v2\/categories?post=12828"},{"taxonomy":"post_tag","embeddable":true,"href":"https:\/\/consultoriaehero.com\/wp-json\/wp\/v2\/tags?post=12828"}],"curies":[{"name":"wp","href":"https:\/\/api.w.org\/{rel}","templated":true}]}}